{"id":9181,"date":"2026-04-02T12:37:51","date_gmt":"2026-04-02T10:37:51","guid":{"rendered":"https:\/\/www.collegejulesvalles43.fr\/actualites\/?p=9181"},"modified":"2026-04-30T12:48:43","modified_gmt":"2026-04-30T10:48:43","slug":"un-championnat-tres-serre","status":"publish","type":"post","link":"https:\/\/www.collegejulesvalles43.fr\/actualites\/un-championnat-tres-serre\/","title":{"rendered":"Un championnat tr\u00e8s serr\u00e9 !"},"content":{"rendered":"\t\t<div data-elementor-type=\"wp-post\" data-elementor-id=\"9181\" class=\"elementor elementor-9181\">\n\t\t\t\t\t\t<section class=\"elementor-section elementor-top-section elementor-element elementor-element-7ad1e45 elementor-section-full_width elementor-section-content-middle elementor-section-height-default elementor-section-height-default\" data-id=\"7ad1e45\" data-element_type=\"section\" data-e-type=\"section\">\n\t\t\t\t\t\t<div class=\"elementor-container elementor-column-gap-default\">\n\t\t\t\t\t<div class=\"elementor-column elementor-col-100 elementor-top-column elementor-element elementor-element-dc59a35\" data-id=\"dc59a35\" data-element_type=\"column\" data-e-type=\"column\">\n\t\t\t<div class=\"elementor-widget-wrap elementor-element-populated\">\n\t\t\t\t\t\t<div class=\"elementor-element elementor-element-4578698 elementor-widget elementor-widget-heading\" data-id=\"4578698\" data-element_type=\"widget\" data-e-type=\"widget\" data-widget_type=\"heading.default\">\n\t\t\t\t<div class=\"elementor-widget-container\">\n\t\t\t\t\t<h2 class=\"elementor-heading-title elementor-size-default\">De tr\u00e8s belles performances des gymnastes du coll\u00e8ge<\/h2>\t\t\t\t<\/div>\n\t\t\t\t<\/div>\n\t\t\t\t\t<\/div>\n\t\t<\/div>\n\t\t\t\t\t<\/div>\n\t\t<\/section>\n\t\t\t\t<section class=\"elementor-section elementor-top-section elementor-element elementor-element-4c31673 elementor-section-full_width elementor-section-content-middle elementor-section-height-default elementor-section-height-default\" data-id=\"4c31673\" data-element_type=\"section\" data-e-type=\"section\">\n\t\t\t\t\t\t<div class=\"elementor-container elementor-column-gap-default\">\n\t\t\t\t\t<div class=\"elementor-column elementor-col-50 elementor-top-column elementor-element elementor-element-caec99e\" data-id=\"caec99e\" data-element_type=\"column\" data-e-type=\"column\">\n\t\t\t<div class=\"elementor-widget-wrap elementor-element-populated\">\n\t\t\t\t\t\t<div class=\"elementor-element elementor-element-52b1dfe elementor-widget elementor-widget-text-editor\" data-id=\"52b1dfe\" data-element_type=\"widget\" data-e-type=\"widget\" data-widget_type=\"text-editor.default\">\n\t\t\t\t<div class=\"elementor-widget-container\">\n\t\t\t\t\t\t\t\t\t<p>Le <strong>mercredi 26 mar<\/strong>s, 20 \u00e9l\u00e8ves du coll\u00e8ge ont particip\u00e9 au championnat acad\u00e9mique de gymnastique artistique et acrobatique.<\/p><p>Elles formaient deux \u00e9quipes de 8 gymnastes, une \u00e9quipe de 6 filles pour la gymnastique acrobatique et 6 jeunes officielles.<\/p><p>Deux des \u00e9quipes qualifi\u00e9es se sont hiss\u00e9es sur des podiums acad\u00e9miques pour la <strong>gymnastique artistique<\/strong>:<\/p><p>Bernard Auxane, Boyer Ella, Chouvy Jeanne et Pascal Jade r\u00e9alisent une tr\u00e8s belle comp\u00e9tition et deviennent<span style=\"color: #00ccff;\"><strong> vice-championnes r\u00e9gionales<\/strong><\/span>.<\/p><p>Anafatra Mayane, Coze Hortense, Haurychenka Vera et Molimard Lauralee proposent \u00e9galement des encha\u00eenements de belle qualit\u00e9 aux quatre agr\u00e8s (Barres asym\u00e9triques, sol, poutre, saut) et se classent \u00e0 la <strong><span style=\"color: #00ccff;\">3\u00e8me place.<\/span><\/strong><\/p>\t\t\t\t\t\t\t\t<\/div>\n\t\t\t\t<\/div>\n\t\t\t\t\t<\/div>\n\t\t<\/div>\n\t\t\t\t<div class=\"elementor-column elementor-col-50 elementor-top-column elementor-element elementor-element-877645d\" data-id=\"877645d\" data-element_type=\"column\" data-e-type=\"column\">\n\t\t\t<div class=\"elementor-widget-wrap elementor-element-populated\">\n\t\t\t\t\t\t<div class=\"elementor-element elementor-element-6e44872 elementor-widget elementor-widget-image\" data-id=\"6e44872\" data-element_type=\"widget\" data-e-type=\"widget\" data-widget_type=\"image.default\">\n\t\t\t\t<div class=\"elementor-widget-container\">\n\t\t\t\t\t\t\t\t\t\t\t\t\t\t\t<img fetchpriority=\"high\" decoding=\"async\" width=\"1024\" height=\"768\" src=\"https:\/\/www.collegejulesvalles43.fr\/actualites\/wp-content\/uploads\/2026\/04\/0840befc-9821-461e-b624-0fa1548cb3bd-1024x768.jpg\" class=\"attachment-large size-large wp-image-9188\" alt=\"\" srcset=\"https:\/\/www.collegejulesvalles43.fr\/actualites\/wp-content\/uploads\/2026\/04\/0840befc-9821-461e-b624-0fa1548cb3bd-1024x768.jpg 1024w, https:\/\/www.collegejulesvalles43.fr\/actualites\/wp-content\/uploads\/2026\/04\/0840befc-9821-461e-b624-0fa1548cb3bd-300x225.jpg 300w, https:\/\/www.collegejulesvalles43.fr\/actualites\/wp-content\/uploads\/2026\/04\/0840befc-9821-461e-b624-0fa1548cb3bd-768x576.jpg 768w, https:\/\/www.collegejulesvalles43.fr\/actualites\/wp-content\/uploads\/2026\/04\/0840befc-9821-461e-b624-0fa1548cb3bd-1536x1152.jpg 1536w, https:\/\/www.collegejulesvalles43.fr\/actualites\/wp-content\/uploads\/2026\/04\/0840befc-9821-461e-b624-0fa1548cb3bd.jpg 1600w\" sizes=\"(max-width: 1024px) 100vw, 1024px\" \/>\t\t\t\t\t\t\t\t\t\t\t\t\t\t\t<\/div>\n\t\t\t\t<\/div>\n\t\t\t\t\t<\/div>\n\t\t<\/div>\n\t\t\t\t\t<\/div>\n\t\t<\/section>\n\t\t\t\t<section class=\"elementor-section elementor-top-section elementor-element elementor-element-c0821f8 elementor-section-full_width elementor-section-content-middle elementor-section-height-default elementor-section-height-default\" data-id=\"c0821f8\" data-element_type=\"section\" data-e-type=\"section\">\n\t\t\t\t\t\t<div class=\"elementor-container elementor-column-gap-default\">\n\t\t\t\t\t<div class=\"elementor-column elementor-col-50 elementor-top-column elementor-element elementor-element-6deafd7\" data-id=\"6deafd7\" data-element_type=\"column\" data-e-type=\"column\">\n\t\t\t<div class=\"elementor-widget-wrap elementor-element-populated\">\n\t\t\t\t\t\t<div class=\"elementor-element elementor-element-28770e2 elementor-widget elementor-widget-image\" data-id=\"28770e2\" data-element_type=\"widget\" data-e-type=\"widget\" data-widget_type=\"image.default\">\n\t\t\t\t<div class=\"elementor-widget-container\">\n\t\t\t\t\t\t\t\t\t\t\t\t\t\t\t<img decoding=\"async\" width=\"1024\" height=\"738\" src=\"https:\/\/www.collegejulesvalles43.fr\/actualites\/wp-content\/uploads\/2026\/04\/d19fb104-a8e4-4cfe-bc5f-e4bfc1cd1ce4-1024x738.jpg\" class=\"attachment-large size-large wp-image-9190\" alt=\"\" srcset=\"https:\/\/www.collegejulesvalles43.fr\/actualites\/wp-content\/uploads\/2026\/04\/d19fb104-a8e4-4cfe-bc5f-e4bfc1cd1ce4-1024x738.jpg 1024w, https:\/\/www.collegejulesvalles43.fr\/actualites\/wp-content\/uploads\/2026\/04\/d19fb104-a8e4-4cfe-bc5f-e4bfc1cd1ce4-300x216.jpg 300w, https:\/\/www.collegejulesvalles43.fr\/actualites\/wp-content\/uploads\/2026\/04\/d19fb104-a8e4-4cfe-bc5f-e4bfc1cd1ce4-768x553.jpg 768w, https:\/\/www.collegejulesvalles43.fr\/actualites\/wp-content\/uploads\/2026\/04\/d19fb104-a8e4-4cfe-bc5f-e4bfc1cd1ce4.jpg 1474w\" sizes=\"(max-width: 1024px) 100vw, 1024px\" \/>\t\t\t\t\t\t\t\t\t\t\t\t\t\t\t<\/div>\n\t\t\t\t<\/div>\n\t\t\t\t\t<\/div>\n\t\t<\/div>\n\t\t\t\t<div class=\"elementor-column elementor-col-50 elementor-top-column elementor-element elementor-element-ab45414\" data-id=\"ab45414\" data-element_type=\"column\" data-e-type=\"column\">\n\t\t\t<div class=\"elementor-widget-wrap elementor-element-populated\">\n\t\t\t\t\t\t<div class=\"elementor-element elementor-element-96c3583 elementor-widget elementor-widget-text-editor\" data-id=\"96c3583\" data-element_type=\"widget\" data-e-type=\"widget\" data-widget_type=\"text-editor.default\">\n\t\t\t\t<div class=\"elementor-widget-container\">\n\t\t\t\t\t\t\t\t\t<p>En <strong>gymnastique acrobatique<\/strong>, Faustine Courbon, Jeanne Faure, Fayolle Nina, Mujkanovic Belma, Papa Na\u00ees et Wojas Kinga offrent une prestation remarquable, remarqu\u00e9e et applaudie par l\u2019ensemble des jurys et du public.<\/p>\t\t\t\t\t\t\t\t<\/div>\n\t\t\t\t<\/div>\n\t\t\t\t\t<\/div>\n\t\t<\/div>\n\t\t\t\t\t<\/div>\n\t\t<\/section>\n\t\t\t\t<section class=\"elementor-section elementor-top-section elementor-element elementor-element-f0440f8 elementor-section-full_width elementor-section-content-middle elementor-section-height-default elementor-section-height-default\" data-id=\"f0440f8\" data-element_type=\"section\" data-e-type=\"section\">\n\t\t\t\t\t\t<div class=\"elementor-container elementor-column-gap-default\">\n\t\t\t\t\t<div class=\"elementor-column elementor-col-50 elementor-top-column elementor-element elementor-element-ad43084\" data-id=\"ad43084\" data-element_type=\"column\" data-e-type=\"column\">\n\t\t\t<div class=\"elementor-widget-wrap elementor-element-populated\">\n\t\t\t\t\t\t<div class=\"elementor-element elementor-element-0e6da48 elementor-widget elementor-widget-image\" data-id=\"0e6da48\" data-element_type=\"widget\" data-e-type=\"widget\" data-widget_type=\"image.default\">\n\t\t\t\t<div class=\"elementor-widget-container\">\n\t\t\t\t\t\t\t\t\t\t\t\t<figure class=\"wp-caption\">\n\t\t\t\t\t\t\t\t\t\t<img decoding=\"async\" width=\"1024\" height=\"832\" src=\"https:\/\/www.collegejulesvalles43.fr\/actualites\/wp-content\/uploads\/2026\/04\/bcd8236f-b1c5-48da-89c7-0a1f1d43ba56-1024x832.jpg\" class=\"attachment-large size-large wp-image-9189\" alt=\"\" srcset=\"https:\/\/www.collegejulesvalles43.fr\/actualites\/wp-content\/uploads\/2026\/04\/bcd8236f-b1c5-48da-89c7-0a1f1d43ba56-1024x832.jpg 1024w, https:\/\/www.collegejulesvalles43.fr\/actualites\/wp-content\/uploads\/2026\/04\/bcd8236f-b1c5-48da-89c7-0a1f1d43ba56-300x244.jpg 300w, https:\/\/www.collegejulesvalles43.fr\/actualites\/wp-content\/uploads\/2026\/04\/bcd8236f-b1c5-48da-89c7-0a1f1d43ba56-768x624.jpg 768w, https:\/\/www.collegejulesvalles43.fr\/actualites\/wp-content\/uploads\/2026\/04\/bcd8236f-b1c5-48da-89c7-0a1f1d43ba56-1536x1248.jpg 1536w, https:\/\/www.collegejulesvalles43.fr\/actualites\/wp-content\/uploads\/2026\/04\/bcd8236f-b1c5-48da-89c7-0a1f1d43ba56.jpg 1599w\" sizes=\"(max-width: 1024px) 100vw, 1024px\" \/>\t\t\t\t\t\t\t\t\t\t\t<figcaption class=\"widget-image-caption wp-caption-text\">5 des jeunes officielles du coll\u00e8ge<\/figcaption>\n\t\t\t\t\t\t\t\t\t\t<\/figure>\n\t\t\t\t\t\t\t\t\t<\/div>\n\t\t\t\t<\/div>\n\t\t\t\t\t<\/div>\n\t\t<\/div>\n\t\t\t\t<div class=\"elementor-column elementor-col-50 elementor-top-column elementor-element elementor-element-4e61cc9\" data-id=\"4e61cc9\" data-element_type=\"column\" data-e-type=\"column\">\n\t\t\t<div class=\"elementor-widget-wrap elementor-element-populated\">\n\t\t\t\t\t\t<div class=\"elementor-element elementor-element-93ef5c7 elementor-widget elementor-widget-text-editor\" data-id=\"93ef5c7\" data-element_type=\"widget\" data-e-type=\"widget\" data-widget_type=\"text-editor.default\">\n\t\t\t\t<div class=\"elementor-widget-container\">\n\t\t\t\t\t\t\t\t\t<p>Enfin, <span style=\"color: #00ccff;\"><strong>six jeunes officielles<\/strong><\/span> (sans lesquelles la comp\u00e9tition ne pourrait pas avoir lieu) ont valid\u00e9 ou confirm\u00e9 un niveau de qualification : Conort In\u00e8s, Falgon C\u00e9leste, No\u00ebl Gadiss\u00e9e, Pereira Joana, R\u00e9gnier H\u00e9lia et Renson Th\u00e9ana.<\/p><p>Bravo \u00e0 toutes pour leur attitude remarquable et leurs belles prestations !<\/p>\t\t\t\t\t\t\t\t<\/div>\n\t\t\t\t<\/div>\n\t\t\t\t\t<\/div>\n\t\t<\/div>\n\t\t\t\t\t<\/div>\n\t\t<\/section>\n\t\t\t\t<\/div>\n\t\t","protected":false},"excerpt":{"rendered":"<p>De tr\u00e8s belles performances des gymnastes du coll\u00e8ge Le mercredi 26 mars, 20 \u00e9l\u00e8ves du coll\u00e8ge ont particip\u00e9 au championnat acad\u00e9mique de gymnastique artistique&#46;&#46;&#46;<\/p>\n","protected":false},"author":11,"featured_media":9190,"comment_status":"closed","ping_status":"open","sticky":false,"template":"","format":"standard","meta":{"footnotes":""},"categories":[3],"tags":[],"ppma_author":[10],"class_list":["post-9181","post","type-post","status-publish","format-standard","has-post-thumbnail","hentry","category-actualites"],"authors":[{"term_id":10,"user_id":11,"is_guest":0,"slug":"nathalie-b","display_name":"Nathalie B","avatar_url":{"url":"https:\/\/www.collegejulesvalles43.fr\/actualites\/wp-content\/uploads\/2024\/01\/avatar_DE-VOS-tete-et-corps.png","url2x":"https:\/\/www.collegejulesvalles43.fr\/actualites\/wp-content\/uploads\/2024\/01\/avatar_DE-VOS-tete-et-corps.png"},"0":null,"1":"","2":"","3":"","4":"","5":"","6":"","7":"","8":""}],"_links":{"self":[{"href":"https:\/\/www.collegejulesvalles43.fr\/actualites\/wp-json\/wp\/v2\/posts\/9181","targetHints":{"allow":["GET"]}}],"collection":[{"href":"https:\/\/www.collegejulesvalles43.fr\/actualites\/wp-json\/wp\/v2\/posts"}],"about":[{"href":"https:\/\/www.collegejulesvalles43.fr\/actualites\/wp-json\/wp\/v2\/types\/post"}],"author":[{"embeddable":true,"href":"https:\/\/www.collegejulesvalles43.fr\/actualites\/wp-json\/wp\/v2\/users\/11"}],"replies":[{"embeddable":true,"href":"https:\/\/www.collegejulesvalles43.fr\/actualites\/wp-json\/wp\/v2\/comments?post=9181"}],"version-history":[{"count":4,"href":"https:\/\/www.collegejulesvalles43.fr\/actualites\/wp-json\/wp\/v2\/posts\/9181\/revisions"}],"predecessor-version":[{"id":9194,"href":"https:\/\/www.collegejulesvalles43.fr\/actualites\/wp-json\/wp\/v2\/posts\/9181\/revisions\/9194"}],"wp:featuredmedia":[{"embeddable":true,"href":"https:\/\/www.collegejulesvalles43.fr\/actualites\/wp-json\/wp\/v2\/media\/9190"}],"wp:attachment":[{"href":"https:\/\/www.collegejulesvalles43.fr\/actualites\/wp-json\/wp\/v2\/media?parent=9181"}],"wp:term":[{"taxonomy":"category","embeddable":true,"href":"https:\/\/www.collegejulesvalles43.fr\/actualites\/wp-json\/wp\/v2\/categories?post=9181"},{"taxonomy":"post_tag","embeddable":true,"href":"https:\/\/www.collegejulesvalles43.fr\/actualites\/wp-json\/wp\/v2\/tags?post=9181"},{"taxonomy":"author","embeddable":true,"href":"https:\/\/www.collegejulesvalles43.fr\/actualites\/wp-json\/wp\/v2\/ppma_author?post=9181"}],"curies":[{"name":"wp","href":"https:\/\/api.w.org\/{rel}","templated":true}]}}